{"id":11178,"date":"2020-07-17T15:07:34","date_gmt":"2020-07-17T18:07:34","guid":{"rendered":"https:\/\/minutonoticia.com\/?p=11178"},"modified":"2020-07-17T15:07:34","modified_gmt":"2020-07-17T18:07:34","slug":"menina-dois-anos-testa-positivo-para-covid-19-pais-testam-negativo","status":"publish","type":"post","link":"https:\/\/minutonoticia.com\/en\/menina-dois-anos-testa-positivo-para-covid-19-pais-testam-negativo\/","title":{"rendered":"Menina de dois anos testa positivo para covid-19 e pais testam negativo"},"content":{"rendered":"<p>Raquel Matos Rocha, de S\u00e3o Paulo, usou um grupo do Facebook para fazer um desabafo a respeito de sua filha ter contra\u00eddo covid-19 e ela e o marido n\u00e3o.<\/p>\n<p>De acordo com a m\u00e3e da crian\u00e7a, todos estavam ficando em casa e mantendo o maior cuidado poss\u00edvel para n\u00e3o serem infectados com a doen\u00e7a, visto que a preocupa\u00e7\u00e3o era com a menina que iria fazer tr\u00eas anos, pois ela j\u00e1 havia tido s\u00e9rios problemas respirat\u00f3rios. No ano de 2018, a menina chegou a ficar internada 10 vezes e em 2019 cinco vezes, somente este ano a menina j\u00e1 ficou internada 3 vezes.<\/p>\n<p>Ademais, a menina tamb\u00e9m j\u00e1 teve pneumonia tr\u00eas vezes, bronquiolite e coqueluche. Por este motivo, quando ela soube que o resultado do teste da menina tinha dado positivo para covid-19, ela ficou muito angustiada.<\/p>\n<p>E como o pai da menina j\u00e1 estava no hospital com a crian\u00e7a para a m\u00e3e poder resolver alguns problemas profissionais, ela n\u00e3o p\u00f4de retornar para ficar com a crian\u00e7a, porque n\u00e3o pode haver troca de acompanhantes, ent\u00e3o durante o tempo que a menina precisou ficar internada, somente o pai p\u00f4de ficar com a menina.<\/p>\n<p>A m\u00e3e conta que via a menina por chamada de v\u00eddeo e ficou agoniada ao saber que a filha tinha tido algumas crises e n\u00e3o p\u00f4de estar ao lado dela, n\u00e3o p\u00f4de fazer uma \u00fanica visita \u00e0 menina, s\u00f3 no dia das m\u00e3es e ficou muito emocionada ao chegar e ouvir a filha dizer que a amava.<\/p>\n<p>A felicidade da m\u00e3e foi quando a crian\u00e7a recebeu alta e p\u00f4de ir para casa. Segundo a m\u00e3e, todos ficaram em quarentena dentro de casa por 14 dias, ela, o pai e a menina, eles tiravam a m\u00e1scara somente depois que a crian\u00e7a dormia.<\/p>\n<p>Por fim, ela declarou tamb\u00e9m que o anivers\u00e1rio de tr\u00eas anos da menina seria no dia seguinte, e que seria comemorado apenas com a presen\u00e7a dos tr\u00eas.<\/p>","protected":false},"excerpt":{"rendered":"<p>Pais n\u00e3o conseguem entender como isso aconteceu.<\/p>","protected":false},"author":2,"featured_media":11179,"comment_status":"closed","ping_status":"closed","sticky":false,"template":"","format":"standard","meta":{"footnotes":""},"categories":[98],"tags":[],"class_list":["post-11178","post","type-post","status-publish","format-standard","has-post-thumbnail","hentry","category-curiosidades","infinite-scroll-item","generate-columns","tablet-grid-50","mobile-grid-100","grid-parent","grid-33"],"yoast_head":"<!-- This site is optimized with the Yoast SEO plugin v26.7 - https:\/\/yoast.com\/wordpress\/plugins\/seo\/ -->\n<title>Menina de dois anos testa positivo para covid-19 e pais testam negativo<\/title>\n<meta name=\"robots\" content=\"index, follow, max-snippet:-1, max-image-preview:large, max-video-preview:-1\" \/>\n<link rel=\"canonical\" href=\"https:\/\/minutonoticia.com\/en\/menina-dois-anos-testa-positivo-para-covid-19-pais-testam-negativo\/\" \/>\n<meta property=\"og:locale\" content=\"en_US\" \/>\n<meta property=\"og:type\" content=\"article\" \/>\n<meta property=\"og:title\" content=\"Menina de dois anos testa positivo para covid-19 e pais testam negativo\" \/>\n<meta property=\"og:description\" content=\"Pais n\u00e3o conseguem entender como isso aconteceu.\" \/>\n<meta property=\"og:url\" content=\"https:\/\/minutonoticia.com\/en\/menina-dois-anos-testa-positivo-para-covid-19-pais-testam-negativo\/\" \/>\n<meta property=\"og:site_name\" content=\"Minuto Not\u00edcia\" \/>\n<meta property=\"article:published_time\" content=\"2020-07-17T18:07:34+00:00\" \/>\n<meta property=\"og:image\" content=\"https:\/\/minutonoticia.com\/wp-content\/uploads\/2020\/07\/postimg-5f11e0f1c0f784170-1.jpg\" \/>\n\t<meta property=\"og:image:width\" content=\"1200\" \/>\n\t<meta property=\"og:image:height\" content=\"628\" \/>\n\t<meta property=\"og:image:type\" content=\"image\/jpeg\" \/>\n<meta name=\"author\" content=\"Ol\u00edvia Martins\" \/>\n<meta name=\"twitter:card\" content=\"summary_large_image\" \/>\n<meta name=\"twitter:label1\" content=\"Written by\" \/>\n\t<meta name=\"twitter:data1\" content=\"Ol\u00edvia Martins\" \/>\n\t<meta name=\"twitter:label2\" content=\"Est. reading time\" \/>\n\t<meta name=\"twitter:data2\" content=\"2 minutes\" \/>\n<script type=\"application\/ld+json\" class=\"yoast-schema-graph\">{\"@context\":\"https:\/\/schema.org\",\"@graph\":[{\"@type\":\"Article\",\"@id\":\"https:\/\/minutonoticia.com\/menina-dois-anos-testa-positivo-para-covid-19-pais-testam-negativo\/#article\",\"isPartOf\":{\"@id\":\"https:\/\/minutonoticia.com\/menina-dois-anos-testa-positivo-para-covid-19-pais-testam-negativo\/\"},\"author\":{\"name\":\"Ol\u00edvia Martins\",\"@id\":\"https:\/\/minutonoticia.com\/#\/schema\/person\/4a12c8cc2c350504fbda11136bf3658a\"},\"headline\":\"Menina de dois anos testa positivo para covid-19 e pais testam negativo\",\"datePublished\":\"2020-07-17T18:07:34+00:00\",\"mainEntityOfPage\":{\"@id\":\"https:\/\/minutonoticia.com\/menina-dois-anos-testa-positivo-para-covid-19-pais-testam-negativo\/\"},\"wordCount\":365,\"publisher\":{\"@id\":\"https:\/\/minutonoticia.com\/#organization\"},\"image\":{\"@id\":\"https:\/\/minutonoticia.com\/menina-dois-anos-testa-positivo-para-covid-19-pais-testam-negativo\/#primaryimage\"},\"thumbnailUrl\":\"https:\/\/minutonoticia.com\/wp-content\/uploads\/2020\/07\/postimg-5f11e0f1c0f784170-1.jpg\",\"articleSection\":[\"Curiosidades\"],\"inLanguage\":\"en-US\"},{\"@type\":\"WebPage\",\"@id\":\"https:\/\/minutonoticia.com\/menina-dois-anos-testa-positivo-para-covid-19-pais-testam-negativo\/\",\"url\":\"https:\/\/minutonoticia.com\/menina-dois-anos-testa-positivo-para-covid-19-pais-testam-negativo\/\",\"name\":\"Menina de dois anos testa positivo para covid-19 e pais testam negativo\",\"isPartOf\":{\"@id\":\"https:\/\/minutonoticia.com\/#website\"},\"primaryImageOfPage\":{\"@id\":\"https:\/\/minutonoticia.com\/menina-dois-anos-testa-positivo-para-covid-19-pais-testam-negativo\/#primaryimage\"},\"image\":{\"@id\":\"https:\/\/minutonoticia.com\/menina-dois-anos-testa-positivo-para-covid-19-pais-testam-negativo\/#primaryimage\"},\"thumbnailUrl\":\"https:\/\/minutonoticia.com\/wp-content\/uploads\/2020\/07\/postimg-5f11e0f1c0f784170-1.jpg\",\"datePublished\":\"2020-07-17T18:07:34+00:00\",\"breadcrumb\":{\"@id\":\"https:\/\/minutonoticia.com\/menina-dois-anos-testa-positivo-para-covid-19-pais-testam-negativo\/#breadcrumb\"},\"inLanguage\":\"en-US\",\"potentialAction\":[{\"@type\":\"ReadAction\",\"target\":[\"https:\/\/minutonoticia.com\/menina-dois-anos-testa-positivo-para-covid-19-pais-testam-negativo\/\"]}]},{\"@type\":\"ImageObject\",\"inLanguage\":\"en-US\",\"@id\":\"https:\/\/minutonoticia.com\/menina-dois-anos-testa-positivo-para-covid-19-pais-testam-negativo\/#primaryimage\",\"url\":\"https:\/\/minutonoticia.com\/wp-content\/uploads\/2020\/07\/postimg-5f11e0f1c0f784170-1.jpg\",\"contentUrl\":\"https:\/\/minutonoticia.com\/wp-content\/uploads\/2020\/07\/postimg-5f11e0f1c0f784170-1.jpg\",\"width\":1200,\"height\":628},{\"@type\":\"BreadcrumbList\",\"@id\":\"https:\/\/minutonoticia.com\/menina-dois-anos-testa-positivo-para-covid-19-pais-testam-negativo\/#breadcrumb\",\"itemListElement\":[{\"@type\":\"ListItem\",\"position\":1,\"name\":\"In\u00edcio\",\"item\":\"https:\/\/minutonoticia.com\/\"},{\"@type\":\"ListItem\",\"position\":2,\"name\":\"Menina de dois anos testa positivo para covid-19 e pais testam negativo\"}]},{\"@type\":\"WebSite\",\"@id\":\"https:\/\/minutonoticia.com\/#website\",\"url\":\"https:\/\/minutonoticia.com\/\",\"name\":\"Minuto Not\u00edcia\",\"description\":\"Imforma\u00e7\u00e3o atual e de qualidade.\",\"publisher\":{\"@id\":\"https:\/\/minutonoticia.com\/#organization\"},\"potentialAction\":[{\"@type\":\"SearchAction\",\"target\":{\"@type\":\"EntryPoint\",\"urlTemplate\":\"https:\/\/minutonoticia.com\/?s={search_term_string}\"},\"query-input\":{\"@type\":\"PropertyValueSpecification\",\"valueRequired\":true,\"valueName\":\"search_term_string\"}}],\"inLanguage\":\"en-US\"},{\"@type\":\"Organization\",\"@id\":\"https:\/\/minutonoticia.com\/#organization\",\"name\":\"Minuto Not\u00edcia\",\"url\":\"https:\/\/minutonoticia.com\/\",\"logo\":{\"@type\":\"ImageObject\",\"inLanguage\":\"en-US\",\"@id\":\"https:\/\/minutonoticia.com\/#\/schema\/logo\/image\/\",\"url\":\"https:\/\/minutonoticia.com\/wp-content\/uploads\/2024\/10\/logo-mn-blue.png\",\"contentUrl\":\"https:\/\/minutonoticia.com\/wp-content\/uploads\/2024\/10\/logo-mn-blue.png\",\"width\":174,\"height\":90,\"caption\":\"Minuto Not\u00edcia\"},\"image\":{\"@id\":\"https:\/\/minutonoticia.com\/#\/schema\/logo\/image\/\"}},{\"@type\":\"Person\",\"@id\":\"https:\/\/minutonoticia.com\/#\/schema\/person\/4a12c8cc2c350504fbda11136bf3658a\",\"name\":\"Ol\u00edvia Martins\",\"image\":{\"@type\":\"ImageObject\",\"inLanguage\":\"en-US\",\"@id\":\"https:\/\/minutonoticia.com\/#\/schema\/person\/image\/\",\"url\":\"https:\/\/secure.gravatar.com\/avatar\/76800c964ead9b06c58d64d0d739c6c3?s=96&d=mm&r=g\",\"contentUrl\":\"https:\/\/secure.gravatar.com\/avatar\/76800c964ead9b06c58d64d0d739c6c3?s=96&d=mm&r=g\",\"caption\":\"Ol\u00edvia Martins\"},\"description\":\"Oi, sou a Ol\u00edvia Martins! Adoro escrever sobre tudo que est\u00e1 acontecendo, especialmente tecnologia e cultura digital. Minha paix\u00e3o \u00e9 transformar assuntos complicados em algo f\u00e1cil e interessante. Vem acompanhar as novidades tech comigo!\",\"url\":\"https:\/\/minutonoticia.com\/en\/author\/hannahbadr\/\"}]}<\/script>\n<!-- \/ Yoast SEO plugin. -->","yoast_head_json":{"title":"Menina de dois anos testa positivo para covid-19 e pais testam negativo","robots":{"index":"index","follow":"follow","max-snippet":"max-snippet:-1","max-image-preview":"max-image-preview:large","max-video-preview":"max-video-preview:-1"},"canonical":"https:\/\/minutonoticia.com\/en\/menina-dois-anos-testa-positivo-para-covid-19-pais-testam-negativo\/","og_locale":"en_US","og_type":"article","og_title":"Menina de dois anos testa positivo para covid-19 e pais testam negativo","og_description":"Pais n\u00e3o conseguem entender como isso aconteceu.","og_url":"https:\/\/minutonoticia.com\/en\/menina-dois-anos-testa-positivo-para-covid-19-pais-testam-negativo\/","og_site_name":"Minuto Not\u00edcia","article_published_time":"2020-07-17T18:07:34+00:00","og_image":[{"width":1200,"height":628,"url":"https:\/\/minutonoticia.com\/wp-content\/uploads\/2020\/07\/postimg-5f11e0f1c0f784170-1.jpg","type":"image\/jpeg"}],"author":"Ol\u00edvia Martins","twitter_card":"summary_large_image","twitter_misc":{"Written by":"Ol\u00edvia Martins","Est. reading time":"2 minutes"},"schema":{"@context":"https:\/\/schema.org","@graph":[{"@type":"Article","@id":"https:\/\/minutonoticia.com\/menina-dois-anos-testa-positivo-para-covid-19-pais-testam-negativo\/#article","isPartOf":{"@id":"https:\/\/minutonoticia.com\/menina-dois-anos-testa-positivo-para-covid-19-pais-testam-negativo\/"},"author":{"name":"Ol\u00edvia Martins","@id":"https:\/\/minutonoticia.com\/#\/schema\/person\/4a12c8cc2c350504fbda11136bf3658a"},"headline":"Menina de dois anos testa positivo para covid-19 e pais testam negativo","datePublished":"2020-07-17T18:07:34+00:00","mainEntityOfPage":{"@id":"https:\/\/minutonoticia.com\/menina-dois-anos-testa-positivo-para-covid-19-pais-testam-negativo\/"},"wordCount":365,"publisher":{"@id":"https:\/\/minutonoticia.com\/#organization"},"image":{"@id":"https:\/\/minutonoticia.com\/menina-dois-anos-testa-positivo-para-covid-19-pais-testam-negativo\/#primaryimage"},"thumbnailUrl":"https:\/\/minutonoticia.com\/wp-content\/uploads\/2020\/07\/postimg-5f11e0f1c0f784170-1.jpg","articleSection":["Curiosidades"],"inLanguage":"en-US"},{"@type":"WebPage","@id":"https:\/\/minutonoticia.com\/menina-dois-anos-testa-positivo-para-covid-19-pais-testam-negativo\/","url":"https:\/\/minutonoticia.com\/menina-dois-anos-testa-positivo-para-covid-19-pais-testam-negativo\/","name":"Menina de dois anos testa positivo para covid-19 e pais testam negativo","isPartOf":{"@id":"https:\/\/minutonoticia.com\/#website"},"primaryImageOfPage":{"@id":"https:\/\/minutonoticia.com\/menina-dois-anos-testa-positivo-para-covid-19-pais-testam-negativo\/#primaryimage"},"image":{"@id":"https:\/\/minutonoticia.com\/menina-dois-anos-testa-positivo-para-covid-19-pais-testam-negativo\/#primaryimage"},"thumbnailUrl":"https:\/\/minutonoticia.com\/wp-content\/uploads\/2020\/07\/postimg-5f11e0f1c0f784170-1.jpg","datePublished":"2020-07-17T18:07:34+00:00","breadcrumb":{"@id":"https:\/\/minutonoticia.com\/menina-dois-anos-testa-positivo-para-covid-19-pais-testam-negativo\/#breadcrumb"},"inLanguage":"en-US","potentialAction":[{"@type":"ReadAction","target":["https:\/\/minutonoticia.com\/menina-dois-anos-testa-positivo-para-covid-19-pais-testam-negativo\/"]}]},{"@type":"ImageObject","inLanguage":"en-US","@id":"https:\/\/minutonoticia.com\/menina-dois-anos-testa-positivo-para-covid-19-pais-testam-negativo\/#primaryimage","url":"https:\/\/minutonoticia.com\/wp-content\/uploads\/2020\/07\/postimg-5f11e0f1c0f784170-1.jpg","contentUrl":"https:\/\/minutonoticia.com\/wp-content\/uploads\/2020\/07\/postimg-5f11e0f1c0f784170-1.jpg","width":1200,"height":628},{"@type":"BreadcrumbList","@id":"https:\/\/minutonoticia.com\/menina-dois-anos-testa-positivo-para-covid-19-pais-testam-negativo\/#breadcrumb","itemListElement":[{"@type":"ListItem","position":1,"name":"In\u00edcio","item":"https:\/\/minutonoticia.com\/"},{"@type":"ListItem","position":2,"name":"Menina de dois anos testa positivo para covid-19 e pais testam negativo"}]},{"@type":"WebSite","@id":"https:\/\/minutonoticia.com\/#website","url":"https:\/\/minutonoticia.com\/","name":"Minuto Not\u00edcia","description":"Imforma\u00e7\u00e3o atual e de qualidade.","publisher":{"@id":"https:\/\/minutonoticia.com\/#organization"},"potentialAction":[{"@type":"SearchAction","target":{"@type":"EntryPoint","urlTemplate":"https:\/\/minutonoticia.com\/?s={search_term_string}"},"query-input":{"@type":"PropertyValueSpecification","valueRequired":true,"valueName":"search_term_string"}}],"inLanguage":"en-US"},{"@type":"Organization","@id":"https:\/\/minutonoticia.com\/#organization","name":"Minuto Not\u00edcia","url":"https:\/\/minutonoticia.com\/","logo":{"@type":"ImageObject","inLanguage":"en-US","@id":"https:\/\/minutonoticia.com\/#\/schema\/logo\/image\/","url":"https:\/\/minutonoticia.com\/wp-content\/uploads\/2024\/10\/logo-mn-blue.png","contentUrl":"https:\/\/minutonoticia.com\/wp-content\/uploads\/2024\/10\/logo-mn-blue.png","width":174,"height":90,"caption":"Minuto Not\u00edcia"},"image":{"@id":"https:\/\/minutonoticia.com\/#\/schema\/logo\/image\/"}},{"@type":"Person","@id":"https:\/\/minutonoticia.com\/#\/schema\/person\/4a12c8cc2c350504fbda11136bf3658a","name":"Ol\u00edvia Martins","image":{"@type":"ImageObject","inLanguage":"en-US","@id":"https:\/\/minutonoticia.com\/#\/schema\/person\/image\/","url":"https:\/\/secure.gravatar.com\/avatar\/76800c964ead9b06c58d64d0d739c6c3?s=96&d=mm&r=g","contentUrl":"https:\/\/secure.gravatar.com\/avatar\/76800c964ead9b06c58d64d0d739c6c3?s=96&d=mm&r=g","caption":"Ol\u00edvia Martins"},"description":"Oi, sou a Ol\u00edvia Martins! Adoro escrever sobre tudo que est\u00e1 acontecendo, especialmente tecnologia e cultura digital. Minha paix\u00e3o \u00e9 transformar assuntos complicados em algo f\u00e1cil e interessante. Vem acompanhar as novidades tech comigo!","url":"https:\/\/minutonoticia.com\/en\/author\/hannahbadr\/"}]}},"_links":{"self":[{"href":"https:\/\/minutonoticia.com\/en\/wp-json\/wp\/v2\/posts\/11178","targetHints":{"allow":["GET"]}}],"collection":[{"href":"https:\/\/minutonoticia.com\/en\/wp-json\/wp\/v2\/posts"}],"about":[{"href":"https:\/\/minutonoticia.com\/en\/wp-json\/wp\/v2\/types\/post"}],"author":[{"embeddable":true,"href":"https:\/\/minutonoticia.com\/en\/wp-json\/wp\/v2\/users\/2"}],"replies":[{"embeddable":true,"href":"https:\/\/minutonoticia.com\/en\/wp-json\/wp\/v2\/comments?post=11178"}],"version-history":[{"count":0,"href":"https:\/\/minutonoticia.com\/en\/wp-json\/wp\/v2\/posts\/11178\/revisions"}],"wp:featuredmedia":[{"embeddable":true,"href":"https:\/\/minutonoticia.com\/en\/wp-json\/wp\/v2\/media\/11179"}],"wp:attachment":[{"href":"https:\/\/minutonoticia.com\/en\/wp-json\/wp\/v2\/media?parent=11178"}],"wp:term":[{"taxonomy":"category","embeddable":true,"href":"https:\/\/minutonoticia.com\/en\/wp-json\/wp\/v2\/categories?post=11178"},{"taxonomy":"post_tag","embeddable":true,"href":"https:\/\/minutonoticia.com\/en\/wp-json\/wp\/v2\/tags?post=11178"}],"curies":[{"name":"wp","href":"https:\/\/api.w.org\/{rel}","templated":true}]}}