{"id":12391,"date":"2020-08-21T21:51:47","date_gmt":"2020-08-22T00:51:47","guid":{"rendered":"https:\/\/minutonoticia.com\/?p=12391"},"modified":"2020-08-21T21:51:47","modified_gmt":"2020-08-22T00:51:47","slug":"bill-gates-preve-quando-sera-fim-pandemia-coronavirus","status":"publish","type":"post","link":"https:\/\/minutonoticia.com\/en\/bill-gates-preve-quando-sera-fim-pandemia-coronavirus\/","title":{"rendered":"Bill Gates prev\u00ea quando ser\u00e1 o fim da pandemia do coronav\u00edrus"},"content":{"rendered":"<p>Boa parte da popula\u00e7\u00e3o j\u00e1 n\u00e3o aguenta mais ficar confinada e o que todos querem saber \u00e9 quando essa pandemia causada pelo coronav\u00edrus ter\u00e1 fim, e assim as pessoas finalmente poder\u00e3o retomar suas vidas.<\/p>\n<p>Bill Gates vem alertando sobre o surgimento de um v\u00edrus perigoso para a humanidade h\u00e1 muitos anos e agora a previs\u00e3o do bilion\u00e1rio se concretizou, por isso, ningu\u00e9m melhor do que ele para dizer quando esta pandemia chegar\u00e1 ao fim.<\/p>\n<p>Em recente entrevista ao &#8220;The Economist&#8221;, uma famosa revista brit\u00e2nica, Bill Gates declarou que esse v\u00edrus causou estragos econ\u00f4micos que ningu\u00e9m poderia imaginar e que ser\u00e1 preciso ter paci\u00eancia porque s\u00f3 no ano que vem \u00e9 que as coisas come\u00e7ar\u00e3o a voltar ao normal.<\/p>\n<p>Atualmente o bilion\u00e1rio vem se dedicando a um programa para garantir que uma vacina contra a Covid-19 seja disponibilizada para o mundo todo, assim que um medicamento for aprovado. Para ele, s\u00e3o seis vacinas que est\u00e3o avan\u00e7adas, ou seja, j\u00e1 na fase 3 dos testes. Gates acredita que elas ter\u00e3o sucesso no combate \u00e0 pandemia.<\/p>\n<p>Para Bill Gates, o importante agora \u00e9 conseguir financiar esses projetos para que eles possam ter \u00eaxito, mas isto s\u00f3 acontecer\u00e1 se todos forem vacinados.<\/p>\n<p>O empres\u00e1rio ainda alertou para o fato de que algumas vacinas s\u00e3o de baixo custo, mesmo assim ser\u00e1 preciso gastar cerca de 12 bilh\u00f5es de d\u00f3lares para levar a vacina aos pa\u00edses em desenvolvimento.<\/p>\n<p>Segundo a previs\u00e3o de Gates, como ser\u00e1 preciso ter bilh\u00f5es de doses, a vacina deve acabar no final de 2021, ou at\u00e9 mesmo em 2022.<\/p>\n<p>&nbsp;<\/p>","protected":false},"excerpt":{"rendered":"<p>O bilion\u00e1rio acredita que as vacinas que est\u00e3o sendo testadas contra a Covid-19 conseguir\u00e3o conter a doen\u00e7a.<\/p>","protected":false},"author":2,"featured_media":12392,"comment_status":"closed","ping_status":"closed","sticky":false,"template":"","format":"standard","meta":{"footnotes":""},"categories":[98],"tags":[],"class_list":["post-12391","post","type-post","status-publish","format-standard","has-post-thumbnail","hentry","category-curiosidades","infinite-scroll-item","generate-columns","tablet-grid-50","mobile-grid-100","grid-parent","grid-33"],"yoast_head":"<!-- This site is optimized with the Yoast SEO plugin v26.7 - https:\/\/yoast.com\/wordpress\/plugins\/seo\/ -->\n<title>Bill Gates prev\u00ea quando ser\u00e1 o fim da pandemia do coronav\u00edrus<\/title>\n<meta name=\"robots\" content=\"index, follow, max-snippet:-1, max-image-preview:large, max-video-preview:-1\" \/>\n<link rel=\"canonical\" href=\"https:\/\/minutonoticia.com\/en\/bill-gates-preve-quando-sera-fim-pandemia-coronavirus\/\" \/>\n<meta property=\"og:locale\" content=\"en_US\" \/>\n<meta property=\"og:type\" content=\"article\" \/>\n<meta property=\"og:title\" content=\"Bill Gates prev\u00ea quando ser\u00e1 o fim da pandemia do coronav\u00edrus\" \/>\n<meta property=\"og:description\" content=\"O bilion\u00e1rio acredita que as vacinas que est\u00e3o sendo testadas contra a Covid-19 conseguir\u00e3o conter a doen\u00e7a.\" \/>\n<meta property=\"og:url\" content=\"https:\/\/minutonoticia.com\/en\/bill-gates-preve-quando-sera-fim-pandemia-coronavirus\/\" \/>\n<meta property=\"og:site_name\" content=\"Minuto Not\u00edcia\" \/>\n<meta property=\"article:published_time\" content=\"2020-08-22T00:51:47+00:00\" \/>\n<meta property=\"og:image\" content=\"https:\/\/minutonoticia.com\/wp-content\/uploads\/2020\/08\/postimg-5f406b5fa23e38853-1.jpg\" \/>\n\t<meta property=\"og:image:width\" content=\"1202\" \/>\n\t<meta property=\"og:image:height\" content=\"628\" \/>\n\t<meta property=\"og:image:type\" content=\"image\/jpeg\" \/>\n<meta name=\"author\" content=\"Ol\u00edvia Martins\" \/>\n<meta name=\"twitter:card\" content=\"summary_large_image\" \/>\n<meta name=\"twitter:label1\" content=\"Written by\" \/>\n\t<meta name=\"twitter:data1\" content=\"Ol\u00edvia Martins\" \/>\n\t<meta name=\"twitter:label2\" content=\"Est. reading time\" \/>\n\t<meta name=\"twitter:data2\" content=\"1 minute\" \/>\n<script type=\"application\/ld+json\" class=\"yoast-schema-graph\">{\"@context\":\"https:\/\/schema.org\",\"@graph\":[{\"@type\":\"Article\",\"@id\":\"https:\/\/minutonoticia.com\/bill-gates-preve-quando-sera-fim-pandemia-coronavirus\/#article\",\"isPartOf\":{\"@id\":\"https:\/\/minutonoticia.com\/bill-gates-preve-quando-sera-fim-pandemia-coronavirus\/\"},\"author\":{\"name\":\"Ol\u00edvia Martins\",\"@id\":\"https:\/\/minutonoticia.com\/#\/schema\/person\/4a12c8cc2c350504fbda11136bf3658a\"},\"headline\":\"Bill Gates prev\u00ea quando ser\u00e1 o fim da pandemia do coronav\u00edrus\",\"datePublished\":\"2020-08-22T00:51:47+00:00\",\"mainEntityOfPage\":{\"@id\":\"https:\/\/minutonoticia.com\/bill-gates-preve-quando-sera-fim-pandemia-coronavirus\/\"},\"wordCount\":289,\"publisher\":{\"@id\":\"https:\/\/minutonoticia.com\/#organization\"},\"image\":{\"@id\":\"https:\/\/minutonoticia.com\/bill-gates-preve-quando-sera-fim-pandemia-coronavirus\/#primaryimage\"},\"thumbnailUrl\":\"https:\/\/minutonoticia.com\/wp-content\/uploads\/2020\/08\/postimg-5f406b5fa23e38853-1.jpg\",\"articleSection\":[\"Curiosidades\"],\"inLanguage\":\"en-US\"},{\"@type\":\"WebPage\",\"@id\":\"https:\/\/minutonoticia.com\/bill-gates-preve-quando-sera-fim-pandemia-coronavirus\/\",\"url\":\"https:\/\/minutonoticia.com\/bill-gates-preve-quando-sera-fim-pandemia-coronavirus\/\",\"name\":\"Bill Gates prev\u00ea quando ser\u00e1 o fim da pandemia do coronav\u00edrus\",\"isPartOf\":{\"@id\":\"https:\/\/minutonoticia.com\/#website\"},\"primaryImageOfPage\":{\"@id\":\"https:\/\/minutonoticia.com\/bill-gates-preve-quando-sera-fim-pandemia-coronavirus\/#primaryimage\"},\"image\":{\"@id\":\"https:\/\/minutonoticia.com\/bill-gates-preve-quando-sera-fim-pandemia-coronavirus\/#primaryimage\"},\"thumbnailUrl\":\"https:\/\/minutonoticia.com\/wp-content\/uploads\/2020\/08\/postimg-5f406b5fa23e38853-1.jpg\",\"datePublished\":\"2020-08-22T00:51:47+00:00\",\"breadcrumb\":{\"@id\":\"https:\/\/minutonoticia.com\/bill-gates-preve-quando-sera-fim-pandemia-coronavirus\/#breadcrumb\"},\"inLanguage\":\"en-US\",\"potentialAction\":[{\"@type\":\"ReadAction\",\"target\":[\"https:\/\/minutonoticia.com\/bill-gates-preve-quando-sera-fim-pandemia-coronavirus\/\"]}]},{\"@type\":\"ImageObject\",\"inLanguage\":\"en-US\",\"@id\":\"https:\/\/minutonoticia.com\/bill-gates-preve-quando-sera-fim-pandemia-coronavirus\/#primaryimage\",\"url\":\"https:\/\/minutonoticia.com\/wp-content\/uploads\/2020\/08\/postimg-5f406b5fa23e38853-1.jpg\",\"contentUrl\":\"https:\/\/minutonoticia.com\/wp-content\/uploads\/2020\/08\/postimg-5f406b5fa23e38853-1.jpg\",\"width\":1202,\"height\":628},{\"@type\":\"BreadcrumbList\",\"@id\":\"https:\/\/minutonoticia.com\/bill-gates-preve-quando-sera-fim-pandemia-coronavirus\/#breadcrumb\",\"itemListElement\":[{\"@type\":\"ListItem\",\"position\":1,\"name\":\"In\u00edcio\",\"item\":\"https:\/\/minutonoticia.com\/\"},{\"@type\":\"ListItem\",\"position\":2,\"name\":\"Bill Gates prev\u00ea quando ser\u00e1 o fim da pandemia do coronav\u00edrus\"}]},{\"@type\":\"WebSite\",\"@id\":\"https:\/\/minutonoticia.com\/#website\",\"url\":\"https:\/\/minutonoticia.com\/\",\"name\":\"Minuto Not\u00edcia\",\"description\":\"Imforma\u00e7\u00e3o atual e de qualidade.\",\"publisher\":{\"@id\":\"https:\/\/minutonoticia.com\/#organization\"},\"potentialAction\":[{\"@type\":\"SearchAction\",\"target\":{\"@type\":\"EntryPoint\",\"urlTemplate\":\"https:\/\/minutonoticia.com\/?s={search_term_string}\"},\"query-input\":{\"@type\":\"PropertyValueSpecification\",\"valueRequired\":true,\"valueName\":\"search_term_string\"}}],\"inLanguage\":\"en-US\"},{\"@type\":\"Organization\",\"@id\":\"https:\/\/minutonoticia.com\/#organization\",\"name\":\"Minuto Not\u00edcia\",\"url\":\"https:\/\/minutonoticia.com\/\",\"logo\":{\"@type\":\"ImageObject\",\"inLanguage\":\"en-US\",\"@id\":\"https:\/\/minutonoticia.com\/#\/schema\/logo\/image\/\",\"url\":\"https:\/\/minutonoticia.com\/wp-content\/uploads\/2024\/10\/logo-mn-blue.png\",\"contentUrl\":\"https:\/\/minutonoticia.com\/wp-content\/uploads\/2024\/10\/logo-mn-blue.png\",\"width\":174,\"height\":90,\"caption\":\"Minuto Not\u00edcia\"},\"image\":{\"@id\":\"https:\/\/minutonoticia.com\/#\/schema\/logo\/image\/\"}},{\"@type\":\"Person\",\"@id\":\"https:\/\/minutonoticia.com\/#\/schema\/person\/4a12c8cc2c350504fbda11136bf3658a\",\"name\":\"Ol\u00edvia Martins\",\"image\":{\"@type\":\"ImageObject\",\"inLanguage\":\"en-US\",\"@id\":\"https:\/\/minutonoticia.com\/#\/schema\/person\/image\/\",\"url\":\"https:\/\/secure.gravatar.com\/avatar\/76800c964ead9b06c58d64d0d739c6c3?s=96&d=mm&r=g\",\"contentUrl\":\"https:\/\/secure.gravatar.com\/avatar\/76800c964ead9b06c58d64d0d739c6c3?s=96&d=mm&r=g\",\"caption\":\"Ol\u00edvia Martins\"},\"description\":\"Oi, sou a Ol\u00edvia Martins! Adoro escrever sobre tudo que est\u00e1 acontecendo, especialmente tecnologia e cultura digital. Minha paix\u00e3o \u00e9 transformar assuntos complicados em algo f\u00e1cil e interessante. Vem acompanhar as novidades tech comigo!\",\"url\":\"https:\/\/minutonoticia.com\/en\/author\/hannahbadr\/\"}]}<\/script>\n<!-- \/ Yoast SEO plugin. -->","yoast_head_json":{"title":"Bill Gates prev\u00ea quando ser\u00e1 o fim da pandemia do coronav\u00edrus","robots":{"index":"index","follow":"follow","max-snippet":"max-snippet:-1","max-image-preview":"max-image-preview:large","max-video-preview":"max-video-preview:-1"},"canonical":"https:\/\/minutonoticia.com\/en\/bill-gates-preve-quando-sera-fim-pandemia-coronavirus\/","og_locale":"en_US","og_type":"article","og_title":"Bill Gates prev\u00ea quando ser\u00e1 o fim da pandemia do coronav\u00edrus","og_description":"O bilion\u00e1rio acredita que as vacinas que est\u00e3o sendo testadas contra a Covid-19 conseguir\u00e3o conter a doen\u00e7a.","og_url":"https:\/\/minutonoticia.com\/en\/bill-gates-preve-quando-sera-fim-pandemia-coronavirus\/","og_site_name":"Minuto Not\u00edcia","article_published_time":"2020-08-22T00:51:47+00:00","og_image":[{"width":1202,"height":628,"url":"https:\/\/minutonoticia.com\/wp-content\/uploads\/2020\/08\/postimg-5f406b5fa23e38853-1.jpg","type":"image\/jpeg"}],"author":"Ol\u00edvia Martins","twitter_card":"summary_large_image","twitter_misc":{"Written by":"Ol\u00edvia Martins","Est. reading time":"1 minute"},"schema":{"@context":"https:\/\/schema.org","@graph":[{"@type":"Article","@id":"https:\/\/minutonoticia.com\/bill-gates-preve-quando-sera-fim-pandemia-coronavirus\/#article","isPartOf":{"@id":"https:\/\/minutonoticia.com\/bill-gates-preve-quando-sera-fim-pandemia-coronavirus\/"},"author":{"name":"Ol\u00edvia Martins","@id":"https:\/\/minutonoticia.com\/#\/schema\/person\/4a12c8cc2c350504fbda11136bf3658a"},"headline":"Bill Gates prev\u00ea quando ser\u00e1 o fim da pandemia do coronav\u00edrus","datePublished":"2020-08-22T00:51:47+00:00","mainEntityOfPage":{"@id":"https:\/\/minutonoticia.com\/bill-gates-preve-quando-sera-fim-pandemia-coronavirus\/"},"wordCount":289,"publisher":{"@id":"https:\/\/minutonoticia.com\/#organization"},"image":{"@id":"https:\/\/minutonoticia.com\/bill-gates-preve-quando-sera-fim-pandemia-coronavirus\/#primaryimage"},"thumbnailUrl":"https:\/\/minutonoticia.com\/wp-content\/uploads\/2020\/08\/postimg-5f406b5fa23e38853-1.jpg","articleSection":["Curiosidades"],"inLanguage":"en-US"},{"@type":"WebPage","@id":"https:\/\/minutonoticia.com\/bill-gates-preve-quando-sera-fim-pandemia-coronavirus\/","url":"https:\/\/minutonoticia.com\/bill-gates-preve-quando-sera-fim-pandemia-coronavirus\/","name":"Bill Gates prev\u00ea quando ser\u00e1 o fim da pandemia do coronav\u00edrus","isPartOf":{"@id":"https:\/\/minutonoticia.com\/#website"},"primaryImageOfPage":{"@id":"https:\/\/minutonoticia.com\/bill-gates-preve-quando-sera-fim-pandemia-coronavirus\/#primaryimage"},"image":{"@id":"https:\/\/minutonoticia.com\/bill-gates-preve-quando-sera-fim-pandemia-coronavirus\/#primaryimage"},"thumbnailUrl":"https:\/\/minutonoticia.com\/wp-content\/uploads\/2020\/08\/postimg-5f406b5fa23e38853-1.jpg","datePublished":"2020-08-22T00:51:47+00:00","breadcrumb":{"@id":"https:\/\/minutonoticia.com\/bill-gates-preve-quando-sera-fim-pandemia-coronavirus\/#breadcrumb"},"inLanguage":"en-US","potentialAction":[{"@type":"ReadAction","target":["https:\/\/minutonoticia.com\/bill-gates-preve-quando-sera-fim-pandemia-coronavirus\/"]}]},{"@type":"ImageObject","inLanguage":"en-US","@id":"https:\/\/minutonoticia.com\/bill-gates-preve-quando-sera-fim-pandemia-coronavirus\/#primaryimage","url":"https:\/\/minutonoticia.com\/wp-content\/uploads\/2020\/08\/postimg-5f406b5fa23e38853-1.jpg","contentUrl":"https:\/\/minutonoticia.com\/wp-content\/uploads\/2020\/08\/postimg-5f406b5fa23e38853-1.jpg","width":1202,"height":628},{"@type":"BreadcrumbList","@id":"https:\/\/minutonoticia.com\/bill-gates-preve-quando-sera-fim-pandemia-coronavirus\/#breadcrumb","itemListElement":[{"@type":"ListItem","position":1,"name":"In\u00edcio","item":"https:\/\/minutonoticia.com\/"},{"@type":"ListItem","position":2,"name":"Bill Gates prev\u00ea quando ser\u00e1 o fim da pandemia do coronav\u00edrus"}]},{"@type":"WebSite","@id":"https:\/\/minutonoticia.com\/#website","url":"https:\/\/minutonoticia.com\/","name":"Minuto Not\u00edcia","description":"Imforma\u00e7\u00e3o atual e de qualidade.","publisher":{"@id":"https:\/\/minutonoticia.com\/#organization"},"potentialAction":[{"@type":"SearchAction","target":{"@type":"EntryPoint","urlTemplate":"https:\/\/minutonoticia.com\/?s={search_term_string}"},"query-input":{"@type":"PropertyValueSpecification","valueRequired":true,"valueName":"search_term_string"}}],"inLanguage":"en-US"},{"@type":"Organization","@id":"https:\/\/minutonoticia.com\/#organization","name":"Minuto Not\u00edcia","url":"https:\/\/minutonoticia.com\/","logo":{"@type":"ImageObject","inLanguage":"en-US","@id":"https:\/\/minutonoticia.com\/#\/schema\/logo\/image\/","url":"https:\/\/minutonoticia.com\/wp-content\/uploads\/2024\/10\/logo-mn-blue.png","contentUrl":"https:\/\/minutonoticia.com\/wp-content\/uploads\/2024\/10\/logo-mn-blue.png","width":174,"height":90,"caption":"Minuto Not\u00edcia"},"image":{"@id":"https:\/\/minutonoticia.com\/#\/schema\/logo\/image\/"}},{"@type":"Person","@id":"https:\/\/minutonoticia.com\/#\/schema\/person\/4a12c8cc2c350504fbda11136bf3658a","name":"Ol\u00edvia Martins","image":{"@type":"ImageObject","inLanguage":"en-US","@id":"https:\/\/minutonoticia.com\/#\/schema\/person\/image\/","url":"https:\/\/secure.gravatar.com\/avatar\/76800c964ead9b06c58d64d0d739c6c3?s=96&d=mm&r=g","contentUrl":"https:\/\/secure.gravatar.com\/avatar\/76800c964ead9b06c58d64d0d739c6c3?s=96&d=mm&r=g","caption":"Ol\u00edvia Martins"},"description":"Oi, sou a Ol\u00edvia Martins! Adoro escrever sobre tudo que est\u00e1 acontecendo, especialmente tecnologia e cultura digital. Minha paix\u00e3o \u00e9 transformar assuntos complicados em algo f\u00e1cil e interessante. Vem acompanhar as novidades tech comigo!","url":"https:\/\/minutonoticia.com\/en\/author\/hannahbadr\/"}]}},"_links":{"self":[{"href":"https:\/\/minutonoticia.com\/en\/wp-json\/wp\/v2\/posts\/12391","targetHints":{"allow":["GET"]}}],"collection":[{"href":"https:\/\/minutonoticia.com\/en\/wp-json\/wp\/v2\/posts"}],"about":[{"href":"https:\/\/minutonoticia.com\/en\/wp-json\/wp\/v2\/types\/post"}],"author":[{"embeddable":true,"href":"https:\/\/minutonoticia.com\/en\/wp-json\/wp\/v2\/users\/2"}],"replies":[{"embeddable":true,"href":"https:\/\/minutonoticia.com\/en\/wp-json\/wp\/v2\/comments?post=12391"}],"version-history":[{"count":0,"href":"https:\/\/minutonoticia.com\/en\/wp-json\/wp\/v2\/posts\/12391\/revisions"}],"wp:featuredmedia":[{"embeddable":true,"href":"https:\/\/minutonoticia.com\/en\/wp-json\/wp\/v2\/media\/12392"}],"wp:attachment":[{"href":"https:\/\/minutonoticia.com\/en\/wp-json\/wp\/v2\/media?parent=12391"}],"wp:term":[{"taxonomy":"category","embeddable":true,"href":"https:\/\/minutonoticia.com\/en\/wp-json\/wp\/v2\/categories?post=12391"},{"taxonomy":"post_tag","embeddable":true,"href":"https:\/\/minutonoticia.com\/en\/wp-json\/wp\/v2\/tags?post=12391"}],"curies":[{"name":"wp","href":"https:\/\/api.w.org\/{rel}","templated":true}]}}