{"id":13650,"date":"2020-09-13T10:20:30","date_gmt":"2020-09-13T13:20:30","guid":{"rendered":"https:\/\/minutonoticia.com\/?p=13650"},"modified":"2020-09-13T10:20:30","modified_gmt":"2020-09-13T13:20:30","slug":"menino-apenas-14-anos-toma-medida-desesperada-para-ajudar-familia-escapar-incendio-florestal","status":"publish","type":"post","link":"https:\/\/minutonoticia.com\/ja\/menino-apenas-14-anos-toma-medida-desesperada-para-ajudar-familia-escapar-incendio-florestal\/","title":{"rendered":"Menino de apenas 14 anos toma medida desesperada para ajudar fam\u00edlia a escapar de inc\u00eandio florestal"},"content":{"rendered":"<p>Assim como no Brasil, os Estados Unidos tamb\u00e9m vem sendo castigado por inc\u00eandios que atingem vastas \u00e1reas florestais. Esse per\u00edodo do ano \u00e9 particularmente cr\u00edtico, j\u00e1 que une fen\u00f4menos naturais devido ao clima e a a\u00e7\u00e3o criminosa em alguns casos.<\/p>\n<p>Por conta disso, moradores de regi\u00f5es afetadas fazem o que podem para se preparar para a situa\u00e7\u00e3o da melhor forma poss\u00edvel. Algumas fam\u00edlias evacuaram suas casas, outras est\u00e3o em estado de alerta e h\u00e1 ainda as que tra\u00e7aram planos de evacua\u00e7\u00e3o de emerg\u00eancia.<\/p>\n<p>\u00c9 exatamente nesse \u00faltimo grupo que se encaixa Rubens Navarrete, um menino de apenas 14 anos que precisou agir para salvar sua fam\u00edlia. O garoto mora com 3 primos, tio, tia e um irm\u00e3o. Os adultos tiveram uma decis\u00e3o radical.<\/p>\n<p>Mesmo dois anos mais novo do que o permitido na lei norte-americana para a dire\u00e7\u00e3o, Rubens foi obrigado a aprender a dirigir. Em dois dias, ele sabia o b\u00e1sico: dirigir para longe do fogo. O pior aconteceu e o garoto precisou agir.<\/p>\n<p>A fam\u00edlia numerosa precisou fugir do inc\u00eandio, que acabou se aproximando da casa onde moravam. O tio precisou levar o caminh\u00e3o, a tia levou um carro da fam\u00edlia com os tr\u00eas filhos, enquanto Ruben conduziu um segundo carro, com o irm\u00e3o.<\/p>\n<p>Nos carros levaram tudo que foi poss\u00edvel carregar, ainda assim, a fam\u00edlia precisou deixar os dois c\u00e3es para tr\u00e1s e n\u00e3o sabem se os animais est\u00e3o bem. Longe do fogo, foram recebidos pela Cruz Vermelha e alojados em um quarto de hotel.<\/p>\n<p>Navarrete conta que dirigiu cerca de 30 quil\u00f4metros sob forte press\u00e3o e s\u00f3 conseguiu relaxar depois de conseguir parar, j\u00e1 em seguran\u00e7a.<\/p>","protected":false},"excerpt":{"rendered":"<p>Ruben Navarrete, um menino de apenas 14 anos, precisou agir para salvar sua fam\u00edlia. O garoto mora com 3 primos, tio, tia e um irm\u00e3o<\/p>","protected":false},"author":2,"featured_media":13651,"comment_status":"closed","ping_status":"closed","sticky":false,"template":"","format":"standard","meta":{"footnotes":""},"categories":[98],"tags":[],"class_list":["post-13650","post","type-post","status-publish","format-standard","has-post-thumbnail","hentry","category-curiosidades","infinite-scroll-item","generate-columns","tablet-grid-50","mobile-grid-100","grid-parent","grid-33"],"yoast_head":"<!-- This site is optimized with the Yoast SEO plugin v26.7 - https:\/\/yoast.com\/wordpress\/plugins\/seo\/ -->\n<title>Menino de apenas 14 anos toma medida desesperada para ajudar fam\u00edlia a escapar de inc\u00eandio florestal<\/title>\n<meta name=\"robots\" content=\"index, follow, max-snippet:-1, max-image-preview:large, max-video-preview:-1\" \/>\n<link rel=\"canonical\" href=\"https:\/\/minutonoticia.com\/ja\/menino-apenas-14-anos-toma-medida-desesperada-para-ajudar-familia-escapar-incendio-florestal\/\" \/>\n<meta property=\"og:locale\" content=\"ja_JP\" \/>\n<meta property=\"og:type\" content=\"article\" \/>\n<meta property=\"og:title\" content=\"Menino de apenas 14 anos toma medida desesperada para ajudar fam\u00edlia a escapar de inc\u00eandio florestal\" \/>\n<meta property=\"og:description\" content=\"Ruben Navarrete, um menino de apenas 14 anos, precisou agir para salvar sua fam\u00edlia. O garoto mora com 3 primos, tio, tia e um irm\u00e3o\" \/>\n<meta property=\"og:url\" content=\"https:\/\/minutonoticia.com\/ja\/menino-apenas-14-anos-toma-medida-desesperada-para-ajudar-familia-escapar-incendio-florestal\/\" \/>\n<meta property=\"og:site_name\" content=\"Minuto Not\u00edcia\" \/>\n<meta property=\"article:published_time\" content=\"2020-09-13T13:20:30+00:00\" \/>\n<meta property=\"og:image\" content=\"https:\/\/minutonoticia.com\/wp-content\/uploads\/2020\/09\/postimg-5f5e1bf8e60706936-1.jpg\" \/>\n\t<meta property=\"og:image:width\" content=\"1200\" \/>\n\t<meta property=\"og:image:height\" content=\"628\" \/>\n\t<meta property=\"og:image:type\" content=\"image\/jpeg\" \/>\n<meta name=\"author\" content=\"Ol\u00edvia Martins\" \/>\n<meta name=\"twitter:card\" content=\"summary_large_image\" \/>\n<meta name=\"twitter:label1\" content=\"\u57f7\u7b46\u8005\" \/>\n\t<meta name=\"twitter:data1\" content=\"Ol\u00edvia Martins\" \/>\n\t<meta name=\"twitter:label2\" content=\"\u63a8\u5b9a\u8aad\u307f\u53d6\u308a\u6642\u9593\" \/>\n\t<meta name=\"twitter:data2\" content=\"1\u5206\" \/>\n<script type=\"application\/ld+json\" class=\"yoast-schema-graph\">{\"@context\":\"https:\/\/schema.org\",\"@graph\":[{\"@type\":\"Article\",\"@id\":\"https:\/\/minutonoticia.com\/menino-apenas-14-anos-toma-medida-desesperada-para-ajudar-familia-escapar-incendio-florestal\/#article\",\"isPartOf\":{\"@id\":\"https:\/\/minutonoticia.com\/menino-apenas-14-anos-toma-medida-desesperada-para-ajudar-familia-escapar-incendio-florestal\/\"},\"author\":{\"name\":\"Ol\u00edvia Martins\",\"@id\":\"https:\/\/minutonoticia.com\/#\/schema\/person\/4a12c8cc2c350504fbda11136bf3658a\"},\"headline\":\"Menino de apenas 14 anos toma medida desesperada para ajudar fam\u00edlia a escapar de inc\u00eandio florestal\",\"datePublished\":\"2020-09-13T13:20:30+00:00\",\"mainEntityOfPage\":{\"@id\":\"https:\/\/minutonoticia.com\/menino-apenas-14-anos-toma-medida-desesperada-para-ajudar-familia-escapar-incendio-florestal\/\"},\"wordCount\":316,\"publisher\":{\"@id\":\"https:\/\/minutonoticia.com\/#organization\"},\"image\":{\"@id\":\"https:\/\/minutonoticia.com\/menino-apenas-14-anos-toma-medida-desesperada-para-ajudar-familia-escapar-incendio-florestal\/#primaryimage\"},\"thumbnailUrl\":\"https:\/\/minutonoticia.com\/wp-content\/uploads\/2020\/09\/postimg-5f5e1bf8e60706936-1.jpg\",\"articleSection\":[\"Curiosidades\"],\"inLanguage\":\"ja\"},{\"@type\":\"WebPage\",\"@id\":\"https:\/\/minutonoticia.com\/menino-apenas-14-anos-toma-medida-desesperada-para-ajudar-familia-escapar-incendio-florestal\/\",\"url\":\"https:\/\/minutonoticia.com\/menino-apenas-14-anos-toma-medida-desesperada-para-ajudar-familia-escapar-incendio-florestal\/\",\"name\":\"Menino de apenas 14 anos toma medida desesperada para ajudar fam\u00edlia a escapar de inc\u00eandio florestal\",\"isPartOf\":{\"@id\":\"https:\/\/minutonoticia.com\/#website\"},\"primaryImageOfPage\":{\"@id\":\"https:\/\/minutonoticia.com\/menino-apenas-14-anos-toma-medida-desesperada-para-ajudar-familia-escapar-incendio-florestal\/#primaryimage\"},\"image\":{\"@id\":\"https:\/\/minutonoticia.com\/menino-apenas-14-anos-toma-medida-desesperada-para-ajudar-familia-escapar-incendio-florestal\/#primaryimage\"},\"thumbnailUrl\":\"https:\/\/minutonoticia.com\/wp-content\/uploads\/2020\/09\/postimg-5f5e1bf8e60706936-1.jpg\",\"datePublished\":\"2020-09-13T13:20:30+00:00\",\"breadcrumb\":{\"@id\":\"https:\/\/minutonoticia.com\/menino-apenas-14-anos-toma-medida-desesperada-para-ajudar-familia-escapar-incendio-florestal\/#breadcrumb\"},\"inLanguage\":\"ja\",\"potentialAction\":[{\"@type\":\"ReadAction\",\"target\":[\"https:\/\/minutonoticia.com\/menino-apenas-14-anos-toma-medida-desesperada-para-ajudar-familia-escapar-incendio-florestal\/\"]}]},{\"@type\":\"ImageObject\",\"inLanguage\":\"ja\",\"@id\":\"https:\/\/minutonoticia.com\/menino-apenas-14-anos-toma-medida-desesperada-para-ajudar-familia-escapar-incendio-florestal\/#primaryimage\",\"url\":\"https:\/\/minutonoticia.com\/wp-content\/uploads\/2020\/09\/postimg-5f5e1bf8e60706936-1.jpg\",\"contentUrl\":\"https:\/\/minutonoticia.com\/wp-content\/uploads\/2020\/09\/postimg-5f5e1bf8e60706936-1.jpg\",\"width\":1200,\"height\":628},{\"@type\":\"BreadcrumbList\",\"@id\":\"https:\/\/minutonoticia.com\/menino-apenas-14-anos-toma-medida-desesperada-para-ajudar-familia-escapar-incendio-florestal\/#breadcrumb\",\"itemListElement\":[{\"@type\":\"ListItem\",\"position\":1,\"name\":\"In\u00edcio\",\"item\":\"https:\/\/minutonoticia.com\/\"},{\"@type\":\"ListItem\",\"position\":2,\"name\":\"Menino de apenas 14 anos toma medida desesperada para ajudar fam\u00edlia a escapar de inc\u00eandio florestal\"}]},{\"@type\":\"WebSite\",\"@id\":\"https:\/\/minutonoticia.com\/#website\",\"url\":\"https:\/\/minutonoticia.com\/\",\"name\":\"Minuto Not\u00edcia\",\"description\":\"Imforma\u00e7\u00e3o atual e de qualidade.\",\"publisher\":{\"@id\":\"https:\/\/minutonoticia.com\/#organization\"},\"potentialAction\":[{\"@type\":\"SearchAction\",\"target\":{\"@type\":\"EntryPoint\",\"urlTemplate\":\"https:\/\/minutonoticia.com\/?s={search_term_string}\"},\"query-input\":{\"@type\":\"PropertyValueSpecification\",\"valueRequired\":true,\"valueName\":\"search_term_string\"}}],\"inLanguage\":\"ja\"},{\"@type\":\"Organization\",\"@id\":\"https:\/\/minutonoticia.com\/#organization\",\"name\":\"Minuto Not\u00edcia\",\"url\":\"https:\/\/minutonoticia.com\/\",\"logo\":{\"@type\":\"ImageObject\",\"inLanguage\":\"ja\",\"@id\":\"https:\/\/minutonoticia.com\/#\/schema\/logo\/image\/\",\"url\":\"https:\/\/minutonoticia.com\/wp-content\/uploads\/2024\/10\/logo-mn-blue.png\",\"contentUrl\":\"https:\/\/minutonoticia.com\/wp-content\/uploads\/2024\/10\/logo-mn-blue.png\",\"width\":174,\"height\":90,\"caption\":\"Minuto Not\u00edcia\"},\"image\":{\"@id\":\"https:\/\/minutonoticia.com\/#\/schema\/logo\/image\/\"}},{\"@type\":\"Person\",\"@id\":\"https:\/\/minutonoticia.com\/#\/schema\/person\/4a12c8cc2c350504fbda11136bf3658a\",\"name\":\"Ol\u00edvia Martins\",\"image\":{\"@type\":\"ImageObject\",\"inLanguage\":\"ja\",\"@id\":\"https:\/\/minutonoticia.com\/#\/schema\/person\/image\/\",\"url\":\"https:\/\/secure.gravatar.com\/avatar\/76800c964ead9b06c58d64d0d739c6c3?s=96&d=mm&r=g\",\"contentUrl\":\"https:\/\/secure.gravatar.com\/avatar\/76800c964ead9b06c58d64d0d739c6c3?s=96&d=mm&r=g\",\"caption\":\"Ol\u00edvia Martins\"},\"description\":\"Oi, sou a Ol\u00edvia Martins! Adoro escrever sobre tudo que est\u00e1 acontecendo, especialmente tecnologia e cultura digital. Minha paix\u00e3o \u00e9 transformar assuntos complicados em algo f\u00e1cil e interessante. Vem acompanhar as novidades tech comigo!\",\"url\":\"https:\/\/minutonoticia.com\/ja\/author\/hannahbadr\/\"}]}<\/script>\n<!-- \/ Yoast SEO plugin. -->","yoast_head_json":{"title":"Menino de apenas 14 anos toma medida desesperada para ajudar fam\u00edlia a escapar de inc\u00eandio florestal","robots":{"index":"index","follow":"follow","max-snippet":"max-snippet:-1","max-image-preview":"max-image-preview:large","max-video-preview":"max-video-preview:-1"},"canonical":"https:\/\/minutonoticia.com\/ja\/menino-apenas-14-anos-toma-medida-desesperada-para-ajudar-familia-escapar-incendio-florestal\/","og_locale":"ja_JP","og_type":"article","og_title":"Menino de apenas 14 anos toma medida desesperada para ajudar fam\u00edlia a escapar de inc\u00eandio florestal","og_description":"Ruben Navarrete, um menino de apenas 14 anos, precisou agir para salvar sua fam\u00edlia. O garoto mora com 3 primos, tio, tia e um irm\u00e3o","og_url":"https:\/\/minutonoticia.com\/ja\/menino-apenas-14-anos-toma-medida-desesperada-para-ajudar-familia-escapar-incendio-florestal\/","og_site_name":"Minuto Not\u00edcia","article_published_time":"2020-09-13T13:20:30+00:00","og_image":[{"width":1200,"height":628,"url":"https:\/\/minutonoticia.com\/wp-content\/uploads\/2020\/09\/postimg-5f5e1bf8e60706936-1.jpg","type":"image\/jpeg"}],"author":"Ol\u00edvia Martins","twitter_card":"summary_large_image","twitter_misc":{"\u57f7\u7b46\u8005":"Ol\u00edvia Martins","\u63a8\u5b9a\u8aad\u307f\u53d6\u308a\u6642\u9593":"1\u5206"},"schema":{"@context":"https:\/\/schema.org","@graph":[{"@type":"Article","@id":"https:\/\/minutonoticia.com\/menino-apenas-14-anos-toma-medida-desesperada-para-ajudar-familia-escapar-incendio-florestal\/#article","isPartOf":{"@id":"https:\/\/minutonoticia.com\/menino-apenas-14-anos-toma-medida-desesperada-para-ajudar-familia-escapar-incendio-florestal\/"},"author":{"name":"Ol\u00edvia Martins","@id":"https:\/\/minutonoticia.com\/#\/schema\/person\/4a12c8cc2c350504fbda11136bf3658a"},"headline":"Menino de apenas 14 anos toma medida desesperada para ajudar fam\u00edlia a escapar de inc\u00eandio florestal","datePublished":"2020-09-13T13:20:30+00:00","mainEntityOfPage":{"@id":"https:\/\/minutonoticia.com\/menino-apenas-14-anos-toma-medida-desesperada-para-ajudar-familia-escapar-incendio-florestal\/"},"wordCount":316,"publisher":{"@id":"https:\/\/minutonoticia.com\/#organization"},"image":{"@id":"https:\/\/minutonoticia.com\/menino-apenas-14-anos-toma-medida-desesperada-para-ajudar-familia-escapar-incendio-florestal\/#primaryimage"},"thumbnailUrl":"https:\/\/minutonoticia.com\/wp-content\/uploads\/2020\/09\/postimg-5f5e1bf8e60706936-1.jpg","articleSection":["Curiosidades"],"inLanguage":"ja"},{"@type":"WebPage","@id":"https:\/\/minutonoticia.com\/menino-apenas-14-anos-toma-medida-desesperada-para-ajudar-familia-escapar-incendio-florestal\/","url":"https:\/\/minutonoticia.com\/menino-apenas-14-anos-toma-medida-desesperada-para-ajudar-familia-escapar-incendio-florestal\/","name":"Menino de apenas 14 anos toma medida desesperada para ajudar fam\u00edlia a escapar de inc\u00eandio florestal","isPartOf":{"@id":"https:\/\/minutonoticia.com\/#website"},"primaryImageOfPage":{"@id":"https:\/\/minutonoticia.com\/menino-apenas-14-anos-toma-medida-desesperada-para-ajudar-familia-escapar-incendio-florestal\/#primaryimage"},"image":{"@id":"https:\/\/minutonoticia.com\/menino-apenas-14-anos-toma-medida-desesperada-para-ajudar-familia-escapar-incendio-florestal\/#primaryimage"},"thumbnailUrl":"https:\/\/minutonoticia.com\/wp-content\/uploads\/2020\/09\/postimg-5f5e1bf8e60706936-1.jpg","datePublished":"2020-09-13T13:20:30+00:00","breadcrumb":{"@id":"https:\/\/minutonoticia.com\/menino-apenas-14-anos-toma-medida-desesperada-para-ajudar-familia-escapar-incendio-florestal\/#breadcrumb"},"inLanguage":"ja","potentialAction":[{"@type":"ReadAction","target":["https:\/\/minutonoticia.com\/menino-apenas-14-anos-toma-medida-desesperada-para-ajudar-familia-escapar-incendio-florestal\/"]}]},{"@type":"ImageObject","inLanguage":"ja","@id":"https:\/\/minutonoticia.com\/menino-apenas-14-anos-toma-medida-desesperada-para-ajudar-familia-escapar-incendio-florestal\/#primaryimage","url":"https:\/\/minutonoticia.com\/wp-content\/uploads\/2020\/09\/postimg-5f5e1bf8e60706936-1.jpg","contentUrl":"https:\/\/minutonoticia.com\/wp-content\/uploads\/2020\/09\/postimg-5f5e1bf8e60706936-1.jpg","width":1200,"height":628},{"@type":"BreadcrumbList","@id":"https:\/\/minutonoticia.com\/menino-apenas-14-anos-toma-medida-desesperada-para-ajudar-familia-escapar-incendio-florestal\/#breadcrumb","itemListElement":[{"@type":"ListItem","position":1,"name":"In\u00edcio","item":"https:\/\/minutonoticia.com\/"},{"@type":"ListItem","position":2,"name":"Menino de apenas 14 anos toma medida desesperada para ajudar fam\u00edlia a escapar de inc\u00eandio florestal"}]},{"@type":"WebSite","@id":"https:\/\/minutonoticia.com\/#website","url":"https:\/\/minutonoticia.com\/","name":"Minuto Not\u00edcia","description":"Imforma\u00e7\u00e3o atual e de qualidade.","publisher":{"@id":"https:\/\/minutonoticia.com\/#organization"},"potentialAction":[{"@type":"SearchAction","target":{"@type":"EntryPoint","urlTemplate":"https:\/\/minutonoticia.com\/?s={search_term_string}"},"query-input":{"@type":"PropertyValueSpecification","valueRequired":true,"valueName":"search_term_string"}}],"inLanguage":"ja"},{"@type":"Organization","@id":"https:\/\/minutonoticia.com\/#organization","name":"Minuto Not\u00edcia","url":"https:\/\/minutonoticia.com\/","logo":{"@type":"ImageObject","inLanguage":"ja","@id":"https:\/\/minutonoticia.com\/#\/schema\/logo\/image\/","url":"https:\/\/minutonoticia.com\/wp-content\/uploads\/2024\/10\/logo-mn-blue.png","contentUrl":"https:\/\/minutonoticia.com\/wp-content\/uploads\/2024\/10\/logo-mn-blue.png","width":174,"height":90,"caption":"Minuto Not\u00edcia"},"image":{"@id":"https:\/\/minutonoticia.com\/#\/schema\/logo\/image\/"}},{"@type":"Person","@id":"https:\/\/minutonoticia.com\/#\/schema\/person\/4a12c8cc2c350504fbda11136bf3658a","name":"Ol\u00edvia Martins","image":{"@type":"ImageObject","inLanguage":"ja","@id":"https:\/\/minutonoticia.com\/#\/schema\/person\/image\/","url":"https:\/\/secure.gravatar.com\/avatar\/76800c964ead9b06c58d64d0d739c6c3?s=96&d=mm&r=g","contentUrl":"https:\/\/secure.gravatar.com\/avatar\/76800c964ead9b06c58d64d0d739c6c3?s=96&d=mm&r=g","caption":"Ol\u00edvia Martins"},"description":"Oi, sou a Ol\u00edvia Martins! Adoro escrever sobre tudo que est\u00e1 acontecendo, especialmente tecnologia e cultura digital. Minha paix\u00e3o \u00e9 transformar assuntos complicados em algo f\u00e1cil e interessante. Vem acompanhar as novidades tech comigo!","url":"https:\/\/minutonoticia.com\/ja\/author\/hannahbadr\/"}]}},"_links":{"self":[{"href":"https:\/\/minutonoticia.com\/ja\/wp-json\/wp\/v2\/posts\/13650","targetHints":{"allow":["GET"]}}],"collection":[{"href":"https:\/\/minutonoticia.com\/ja\/wp-json\/wp\/v2\/posts"}],"about":[{"href":"https:\/\/minutonoticia.com\/ja\/wp-json\/wp\/v2\/types\/post"}],"author":[{"embeddable":true,"href":"https:\/\/minutonoticia.com\/ja\/wp-json\/wp\/v2\/users\/2"}],"replies":[{"embeddable":true,"href":"https:\/\/minutonoticia.com\/ja\/wp-json\/wp\/v2\/comments?post=13650"}],"version-history":[{"count":0,"href":"https:\/\/minutonoticia.com\/ja\/wp-json\/wp\/v2\/posts\/13650\/revisions"}],"wp:featuredmedia":[{"embeddable":true,"href":"https:\/\/minutonoticia.com\/ja\/wp-json\/wp\/v2\/media\/13651"}],"wp:attachment":[{"href":"https:\/\/minutonoticia.com\/ja\/wp-json\/wp\/v2\/media?parent=13650"}],"wp:term":[{"taxonomy":"category","embeddable":true,"href":"https:\/\/minutonoticia.com\/ja\/wp-json\/wp\/v2\/categories?post=13650"},{"taxonomy":"post_tag","embeddable":true,"href":"https:\/\/minutonoticia.com\/ja\/wp-json\/wp\/v2\/tags?post=13650"}],"curies":[{"name":"wp","href":"https:\/\/api.w.org\/{rel}","templated":true}]}}